{"id":963,"date":"2025-03-06T14:42:46","date_gmt":"2025-03-06T13:42:46","guid":{"rendered":"https:\/\/wanderverband-hessen.de\/hwghv\/?p=963"},"modified":"2025-03-06T14:47:43","modified_gmt":"2025-03-06T13:47:43","slug":"blog-55","status":"publish","type":"post","link":"https:\/\/wanderverband-hessen.de\/hwghv\/2025\/03\/06\/blog-55\/","title":{"rendered":"Blog 55"},"content":{"rendered":"<div id='av-layout-grid-1'  class='av-layout-grid-container av-3e0vhn-2bedbb10abd6c4b49b2de9dcfbd07ac0 entry-content-wrapper main_color av-flex-cells av-break-at-tablet  avia-builder-el-0  avia-builder-el-no-sibling  av-cell-min-height av-cell-min-height-100  container_wrap sidebar_right'   data-av_minimum_height_pc='100'>\n\n<style type=\"text\/css\" data-created_by=\"avia_inline_auto\" id=\"style-css-av-37ioxn-2d9a2bc384b2351eea30641d295abf0c\">\n.flex_cell.av-37ioxn-2d9a2bc384b2351eea30641d295abf0c{\nvertical-align:top;\n}\n<\/style>\n<div class='flex_cell av-37ioxn-2d9a2bc384b2351eea30641d295abf0c av-gridrow-cell av_one_half no_margin  avia-builder-el-1  el_before_av_cell_one_half  avia-builder-el-first  content-align-top avia-full-stretch'  ><div class='flex_cell_inner'><p>\n<style type=\"text\/css\" data-created_by=\"avia_inline_auto\" id=\"style-css-av-30uvg3-991db2acede7bc4c0000a145845ff000\">\n.avia-image-container.av-30uvg3-991db2acede7bc4c0000a145845ff000 img.avia_image{\nbox-shadow:none;\n}\n.avia-image-container.av-30uvg3-991db2acede7bc4c0000a145845ff000 .av-image-caption-overlay-center{\ncolor:#ffffff;\n}\n<\/style>\n<div  class='avia-image-container av-30uvg3-991db2acede7bc4c0000a145845ff000 av-styling- avia-align-center  avia-builder-el-2  el_before_av_hr  avia-builder-el-first '   itemprop=\"image\" itemscope=\"itemscope\" itemtype=\"https:\/\/schema.org\/ImageObject\" ><div class=\"avia-image-container-inner\"><div class=\"avia-image-overlay-wrap\"><img decoding=\"async\" fetchpriority=\"high\" class='wp-image-774 avia-img-lazy-loading-not-774 avia_image ' src=\"https:\/\/wanderverband-hessen.de\/hwghv\/wp-content\/uploads\/sites\/2\/2024\/07\/Wandern-DSC7796.webp\" alt='Wir wandern regelm\u00e4\u00dfig' title='Wandern-DSC7796'  height=\"1320\" width=\"1078\"  itemprop=\"thumbnailUrl\" srcset=\"https:\/\/wanderverband-hessen.de\/hwghv\/wp-content\/uploads\/sites\/2\/2024\/07\/Wandern-DSC7796.webp 1078w, https:\/\/wanderverband-hessen.de\/hwghv\/wp-content\/uploads\/sites\/2\/2024\/07\/Wandern-DSC7796-245x300.webp 245w, https:\/\/wanderverband-hessen.de\/hwghv\/wp-content\/uploads\/sites\/2\/2024\/07\/Wandern-DSC7796-841x1030.webp 841w, https:\/\/wanderverband-hessen.de\/hwghv\/wp-content\/uploads\/sites\/2\/2024\/07\/Wandern-DSC7796-768x940.webp 768w, https:\/\/wanderverband-hessen.de\/hwghv\/wp-content\/uploads\/sites\/2\/2024\/07\/Wandern-DSC7796-576x705.webp 576w\" sizes=\"(max-width: 1078px) 100vw, 1078px\" \/><\/div><\/div><\/div><br \/>\n\n<style type=\"text\/css\" data-created_by=\"avia_inline_auto\" id=\"style-css-av-2vitv7-1bbabeeb57df74ead26bec58caa45ec8\">\n#top .hr.hr-invisible.av-2vitv7-1bbabeeb57df74ead26bec58caa45ec8{\nheight:22px;\n}\n<\/style>\n<div  class='hr av-2vitv7-1bbabeeb57df74ead26bec58caa45ec8 hr-invisible  avia-builder-el-3  el_after_av_image  el_before_av_textblock '><span class='hr-inner '><span class=\"hr-inner-style\"><\/span><\/span><\/div><br \/>\n<section  class='av_textblock_section av-2qowaj-abdab6b38e98eb14d17a49adda04b758 '   itemscope=\"itemscope\" itemtype=\"https:\/\/schema.org\/BlogPosting\" itemprop=\"blogPost\" ><div class='avia_textblock'  itemprop=\"text\" ><p><strong><span style=\"color: #333333;\">Vielf\u00e4ltiges Wandern im HWGHV<br \/>\n<\/span><\/strong>Umfangreiche Angebote der Hessisch-Waldeckischen Gebirgs- und Heimatvereine laden zum Outdoorerlebnis in Nordhessen ein. Auch vereins\u00fcbergreifend werden gemeinsame Touren organisiert. Dabei sind G\u00e4ste immer willkommen. F\u00fcr die touristischen Zusammenschl\u00fcssen in der Destination GrimmHeimat NordHessen mit ihren zahlreichen Naturparken sind die HWGHV-Vereine ein wichtiger Partner. Sie unterst\u00fctzen den regionalen Aktivtourismus und gestalten attraktive Naherholungsangebote, von der kleinen Spazierwanderung bis zum gro\u00dfen Wandermarathon-Event.<\/p>\n<\/div><\/section><br \/>\n\n<style type=\"text\/css\" data-created_by=\"avia_inline_auto\" id=\"style-css-av-2iqi3v-79f991da7891df561d87032883926086\">\n#top .hr.hr-invisible.av-2iqi3v-79f991da7891df561d87032883926086{\nheight:22px;\n}\n<\/style>\n<div  class='hr av-2iqi3v-79f991da7891df561d87032883926086 hr-invisible  avia-builder-el-5  el_after_av_textblock  el_before_av_gallery '><span class='hr-inner '><span class=\"hr-inner-style\"><\/span><\/span><\/div><br \/>\n\n<style type=\"text\/css\" data-created_by=\"avia_inline_auto\" id=\"style-css-av-2ei72z-971e660fe4fb86267f8237341dd7ee65\">\n#top .avia-gallery.av-2ei72z-971e660fe4fb86267f8237341dd7ee65 .avia-gallery-thumb a{\nwidth:50%;\n}\n<\/style>\n<div  class='avia-gallery av-2ei72z-971e660fe4fb86267f8237341dd7ee65 avia_animate_when_visible  avia-builder-el-6  el_after_av_hr  avia-builder-el-last  avia_lazyload avia-gallery-animate avia-gallery-1'  itemprop=\"image\" itemscope=\"itemscope\" itemtype=\"https:\/\/schema.org\/ImageObject\" ><meta itemprop=\"contentURL\" content=\"https:\/\/wanderverband-hessen.de\/hwghv\/2025\/03\/06\/blog-55\/\"><div class='avia-gallery-thumb'><a href=\"https:\/\/wanderverband-hessen.de\/hwghv\/wp-content\/uploads\/sites\/2\/2024\/07\/Wandern1-1030x686.webp\" data-srcset=\"https:\/\/wanderverband-hessen.de\/hwghv\/wp-content\/uploads\/sites\/2\/2024\/07\/Wandern1-1030x686.webp 1030w, https:\/\/wanderverband-hessen.de\/hwghv\/wp-content\/uploads\/sites\/2\/2024\/07\/Wandern1-300x200.webp 300w, https:\/\/wanderverband-hessen.de\/hwghv\/wp-content\/uploads\/sites\/2\/2024\/07\/Wandern1-768x512.webp 768w, https:\/\/wanderverband-hessen.de\/hwghv\/wp-content\/uploads\/sites\/2\/2024\/07\/Wandern1-1536x1024.webp 1536w, https:\/\/wanderverband-hessen.de\/hwghv\/wp-content\/uploads\/sites\/2\/2024\/07\/Wandern1-1500x1000.webp 1500w, https:\/\/wanderverband-hessen.de\/hwghv\/wp-content\/uploads\/sites\/2\/2024\/07\/Wandern1-705x470.webp 705w, https:\/\/wanderverband-hessen.de\/hwghv\/wp-content\/uploads\/sites\/2\/2024\/07\/Wandern1.webp 2000w\" data-sizes=\"(max-width: 1030px) 100vw, 1030px\" data-rel='gallery-1' data-prev-img='https:\/\/wanderverband-hessen.de\/hwghv\/wp-content\/uploads\/sites\/2\/2024\/07\/Wandern1-495x400.webp' class='first_thumb lightbox ' data-onclick='1' title='Wandern zur K\u00f6nigs-Alm'  itemprop=\"thumbnailUrl\"  ><img decoding=\"async\" fetchpriority=\"high\" class=\"wp-image-713 avia-img-lazy-loading-not-713\"  data-avia-tooltip='Wandern zur K\u00f6nigs-Alm' src=\"https:\/\/wanderverband-hessen.de\/hwghv\/wp-content\/uploads\/sites\/2\/2024\/07\/Wandern1-495x400.webp\" width=\"495\" height=\"400\"  title='Wandern1' alt='' srcset=\"https:\/\/wanderverband-hessen.de\/hwghv\/wp-content\/uploads\/sites\/2\/2024\/07\/Wandern1-495x400.webp 495w, https:\/\/wanderverband-hessen.de\/hwghv\/wp-content\/uploads\/sites\/2\/2024\/07\/Wandern1-845x684.webp 845w\" sizes=\"(max-width: 495px) 100vw, 495px\" \/><div class='big-prev-fake'><img decoding=\"async\" loading=\"lazy\" class=\"wp-image-713 avia-img-lazy-loading-713\"  width=\"495\" height=\"400\" src=\"https:\/\/wanderverband-hessen.de\/hwghv\/wp-content\/uploads\/sites\/2\/2024\/07\/Wandern1-495x400.webp\" title='Wandern1' alt='' srcset=\"https:\/\/wanderverband-hessen.de\/hwghv\/wp-content\/uploads\/sites\/2\/2024\/07\/Wandern1-495x400.webp 495w, https:\/\/wanderverband-hessen.de\/hwghv\/wp-content\/uploads\/sites\/2\/2024\/07\/Wandern1-845x684.webp 845w\" sizes=\"auto, (max-width: 495px) 100vw, 495px\" \/><\/div><\/a><a href=\"https:\/\/wanderverband-hessen.de\/hwghv\/wp-content\/uploads\/sites\/2\/2024\/06\/Wandern-im-Verein-1030x685.jpg\" data-srcset=\"https:\/\/wanderverband-hessen.de\/hwghv\/wp-content\/uploads\/sites\/2\/2024\/06\/Wandern-im-Verein-1030x685.jpg 1030w, https:\/\/wanderverband-hessen.de\/hwghv\/wp-content\/uploads\/sites\/2\/2024\/06\/Wandern-im-Verein-300x199.jpg 300w, https:\/\/wanderverband-hessen.de\/hwghv\/wp-content\/uploads\/sites\/2\/2024\/06\/Wandern-im-Verein-768x511.jpg 768w, https:\/\/wanderverband-hessen.de\/hwghv\/wp-content\/uploads\/sites\/2\/2024\/06\/Wandern-im-Verein-1500x997.jpg 1500w, https:\/\/wanderverband-hessen.de\/hwghv\/wp-content\/uploads\/sites\/2\/2024\/06\/Wandern-im-Verein-705x469.jpg 705w, https:\/\/wanderverband-hessen.de\/hwghv\/wp-content\/uploads\/sites\/2\/2024\/06\/Wandern-im-Verein.jpg 1536w\" data-sizes=\"(max-width: 1030px) 100vw, 1030px\" data-rel='gallery-1' data-prev-img='https:\/\/wanderverband-hessen.de\/hwghv\/wp-content\/uploads\/sites\/2\/2024\/06\/Wandern-im-Verein-495x400.jpg' class='lightbox ' data-onclick='2' title='Wandern-im-Verein'  itemprop=\"thumbnailUrl\"  ><img decoding=\"async\" fetchpriority=\"high\" class=\"wp-image-341 avia-img-lazy-loading-not-341\"   src=\"https:\/\/wanderverband-hessen.de\/hwghv\/wp-content\/uploads\/sites\/2\/2024\/06\/Wandern-im-Verein-495x400.jpg\" width=\"495\" height=\"400\"  title='Wandern-im-Verein' alt='' srcset=\"https:\/\/wanderverband-hessen.de\/hwghv\/wp-content\/uploads\/sites\/2\/2024\/06\/Wandern-im-Verein-495x400.jpg 495w, https:\/\/wanderverband-hessen.de\/hwghv\/wp-content\/uploads\/sites\/2\/2024\/06\/Wandern-im-Verein-845x684.jpg 845w\" sizes=\"(max-width: 495px) 100vw, 495px\" \/><div class='big-prev-fake'><img decoding=\"async\" loading=\"lazy\" class=\"wp-image-341 avia-img-lazy-loading-341\"  width=\"495\" height=\"400\" src=\"https:\/\/wanderverband-hessen.de\/hwghv\/wp-content\/uploads\/sites\/2\/2024\/06\/Wandern-im-Verein-495x400.jpg\" title='Wandern-im-Verein' alt='' srcset=\"https:\/\/wanderverband-hessen.de\/hwghv\/wp-content\/uploads\/sites\/2\/2024\/06\/Wandern-im-Verein-495x400.jpg 495w, https:\/\/wanderverband-hessen.de\/hwghv\/wp-content\/uploads\/sites\/2\/2024\/06\/Wandern-im-Verein-845x684.jpg 845w\" sizes=\"auto, (max-width: 495px) 100vw, 495px\" \/><\/div><\/a><a href=\"https:\/\/wanderverband-hessen.de\/hwghv\/wp-content\/uploads\/sites\/2\/2024\/06\/IMG_4382-1030x772.jpeg\" data-srcset=\"https:\/\/wanderverband-hessen.de\/hwghv\/wp-content\/uploads\/sites\/2\/2024\/06\/IMG_4382-1030x772.jpeg 1030w, https:\/\/wanderverband-hessen.de\/hwghv\/wp-content\/uploads\/sites\/2\/2024\/06\/IMG_4382-300x225.jpeg 300w, https:\/\/wanderverband-hessen.de\/hwghv\/wp-content\/uploads\/sites\/2\/2024\/06\/IMG_4382-768x576.jpeg 768w, https:\/\/wanderverband-hessen.de\/hwghv\/wp-content\/uploads\/sites\/2\/2024\/06\/IMG_4382-705x529.jpeg 705w, https:\/\/wanderverband-hessen.de\/hwghv\/wp-content\/uploads\/sites\/2\/2024\/06\/IMG_4382.jpeg 1331w\" data-sizes=\"(max-width: 1030px) 100vw, 1030px\" data-rel='gallery-1' data-prev-img='https:\/\/wanderverband-hessen.de\/hwghv\/wp-content\/uploads\/sites\/2\/2024\/06\/IMG_4382-495x400.jpeg' class='first_thumb lightbox ' data-onclick='3' title='IMG_4382'  itemprop=\"thumbnailUrl\"  ><img decoding=\"async\" fetchpriority=\"high\" class=\"wp-image-360 avia-img-lazy-loading-not-360\"   src=\"https:\/\/wanderverband-hessen.de\/hwghv\/wp-content\/uploads\/sites\/2\/2024\/06\/IMG_4382-495x400.jpeg\" width=\"495\" height=\"400\"  title='IMG_4382' alt='' srcset=\"https:\/\/wanderverband-hessen.de\/hwghv\/wp-content\/uploads\/sites\/2\/2024\/06\/IMG_4382-495x400.jpeg 495w, https:\/\/wanderverband-hessen.de\/hwghv\/wp-content\/uploads\/sites\/2\/2024\/06\/IMG_4382-845x684.jpeg 845w\" sizes=\"(max-width: 495px) 100vw, 495px\" \/><div class='big-prev-fake'><img decoding=\"async\" loading=\"lazy\" class=\"wp-image-360 avia-img-lazy-loading-360\"  width=\"495\" height=\"400\" src=\"https:\/\/wanderverband-hessen.de\/hwghv\/wp-content\/uploads\/sites\/2\/2024\/06\/IMG_4382-495x400.jpeg\" title='IMG_4382' alt='' srcset=\"https:\/\/wanderverband-hessen.de\/hwghv\/wp-content\/uploads\/sites\/2\/2024\/06\/IMG_4382-495x400.jpeg 495w, https:\/\/wanderverband-hessen.de\/hwghv\/wp-content\/uploads\/sites\/2\/2024\/06\/IMG_4382-845x684.jpeg 845w\" sizes=\"auto, (max-width: 495px) 100vw, 495px\" \/><\/div><\/a><a href=\"https:\/\/wanderverband-hessen.de\/hwghv\/wp-content\/uploads\/sites\/2\/2024\/07\/Wandern-Wald-Kinder-f2b-01001-1030x686.webp\" data-srcset=\"https:\/\/wanderverband-hessen.de\/hwghv\/wp-content\/uploads\/sites\/2\/2024\/07\/Wandern-Wald-Kinder-f2b-01001-1030x686.webp 1030w, https:\/\/wanderverband-hessen.de\/hwghv\/wp-content\/uploads\/sites\/2\/2024\/07\/Wandern-Wald-Kinder-f2b-01001-300x200.webp 300w, https:\/\/wanderverband-hessen.de\/hwghv\/wp-content\/uploads\/sites\/2\/2024\/07\/Wandern-Wald-Kinder-f2b-01001-768x512.webp 768w, https:\/\/wanderverband-hessen.de\/hwghv\/wp-content\/uploads\/sites\/2\/2024\/07\/Wandern-Wald-Kinder-f2b-01001-1536x1024.webp 1536w, https:\/\/wanderverband-hessen.de\/hwghv\/wp-content\/uploads\/sites\/2\/2024\/07\/Wandern-Wald-Kinder-f2b-01001-1500x1000.webp 1500w, https:\/\/wanderverband-hessen.de\/hwghv\/wp-content\/uploads\/sites\/2\/2024\/07\/Wandern-Wald-Kinder-f2b-01001-705x470.webp 705w, https:\/\/wanderverband-hessen.de\/hwghv\/wp-content\/uploads\/sites\/2\/2024\/07\/Wandern-Wald-Kinder-f2b-01001.webp 2000w\" data-sizes=\"(max-width: 1030px) 100vw, 1030px\" data-rel='gallery-1' data-prev-img='https:\/\/wanderverband-hessen.de\/hwghv\/wp-content\/uploads\/sites\/2\/2024\/07\/Wandern-Wald-Kinder-f2b-01001-495x400.webp' class='lightbox ' data-onclick='4' title='Wanderkids on Tour im Urwald Sababurg'  itemprop=\"thumbnailUrl\"  ><img decoding=\"async\" fetchpriority=\"high\" class=\"wp-image-830 avia-img-lazy-loading-not-830\"  data-avia-tooltip='Wanderkids on Tour im Urwald Sababurg' src=\"https:\/\/wanderverband-hessen.de\/hwghv\/wp-content\/uploads\/sites\/2\/2024\/07\/Wandern-Wald-Kinder-f2b-01001-495x400.webp\" width=\"495\" height=\"400\"  title='Wandern-Wald-Kinder-f2b-01001' alt='Wanderkids unterwegs im Wald' srcset=\"https:\/\/wanderverband-hessen.de\/hwghv\/wp-content\/uploads\/sites\/2\/2024\/07\/Wandern-Wald-Kinder-f2b-01001-495x400.webp 495w, https:\/\/wanderverband-hessen.de\/hwghv\/wp-content\/uploads\/sites\/2\/2024\/07\/Wandern-Wald-Kinder-f2b-01001-845x684.webp 845w\" sizes=\"(max-width: 495px) 100vw, 495px\" \/><div class='big-prev-fake'><img decoding=\"async\" loading=\"lazy\" class=\"wp-image-830 avia-img-lazy-loading-830\"  width=\"495\" height=\"400\" src=\"https:\/\/wanderverband-hessen.de\/hwghv\/wp-content\/uploads\/sites\/2\/2024\/07\/Wandern-Wald-Kinder-f2b-01001-495x400.webp\" title='Wandern-Wald-Kinder-f2b-01001' alt='Wanderkids unterwegs im Wald' srcset=\"https:\/\/wanderverband-hessen.de\/hwghv\/wp-content\/uploads\/sites\/2\/2024\/07\/Wandern-Wald-Kinder-f2b-01001-495x400.webp 495w, https:\/\/wanderverband-hessen.de\/hwghv\/wp-content\/uploads\/sites\/2\/2024\/07\/Wandern-Wald-Kinder-f2b-01001-845x684.webp 845w\" sizes=\"auto, (max-width: 495px) 100vw, 495px\" \/><\/div><\/a><\/div><\/div><\/p>\n<\/div><\/div>\n<style type=\"text\/css\" data-created_by=\"avia_inline_auto\" id=\"style-css-av-28q877-1af04e15966aba4eaf4303c27c7ca65f\">\n.flex_cell.av-28q877-1af04e15966aba4eaf4303c27c7ca65f{\nvertical-align:middle;\n}\n<\/style>\n<div class='flex_cell av-28q877-1af04e15966aba4eaf4303c27c7ca65f av-gridrow-cell av_one_half no_margin  avia-builder-el-7  el_after_av_cell_one_half  avia-builder-el-last  content-align-middle'  ><div class='flex_cell_inner'><p>\n<style type=\"text\/css\" data-created_by=\"avia_inline_auto\" id=\"style-css-av-24uv83-67924f99cc9f5031cdd34fa06491f781\">\n#top .av-special-heading.av-24uv83-67924f99cc9f5031cdd34fa06491f781{\npadding-bottom:10px;\n}\nbody .av-special-heading.av-24uv83-67924f99cc9f5031cdd34fa06491f781 .av-special-heading-tag .heading-char{\nfont-size:25px;\n}\n.av-special-heading.av-24uv83-67924f99cc9f5031cdd34fa06491f781 .av-subheading{\nfont-size:15px;\n}\n<\/style>\n<div  class='av-special-heading av-24uv83-67924f99cc9f5031cdd34fa06491f781 av-special-heading-h2 blockquote modern-quote  avia-builder-el-8  el_before_av_toggle_container  avia-builder-el-first '><div class='av-subheading av-subheading_above'><p>Der HWGHV und seine Zweigvereine<\/p>\n<\/div><h2 class='av-special-heading-tag '  itemprop=\"headline\"  >Wandern im Verein, mit Freunden und G\u00e4sten<\/h2><div class=\"special-heading-border\"><div class=\"special-heading-inner-border\"><\/div><\/div><\/div><br \/>\n<div  class='togglecontainer av-1v1wfn-37ded74c370de792264f03685f57aefb av-elegant-toggle  avia-builder-el-9  el_after_av_heading  avia-builder-el-last  toggle_close_all' >\n<section class='av_toggle_section av-1suds3-c211438328f520f05ea6d3a86eed0bc0'  itemscope=\"itemscope\" itemtype=\"https:\/\/schema.org\/BlogPosting\" itemprop=\"blogPost\" ><div role=\"tablist\" class=\"single_toggle\" data-tags=\"{Alle} \"  ><p id='toggle-toggle-id-1' data-fake-id='#toggle-id-1' class='toggler  av-title-above '  itemprop=\"headline\"  role='tab' tabindex='0' aria-controls='toggle-id-1' data-slide-speed=\"200\" data-title=\"Entdeckertouren\" data-title-open=\"\" data-aria_collapsed=\"Click to expand: Entdeckertouren\" data-aria_expanded=\"Click to collapse: Entdeckertouren\">Entdeckertouren<span class=\"toggle_icon\"><span class=\"vert_icon\"><\/span><span class=\"hor_icon\"><\/span><\/span><\/p><div id='toggle-id-1' aria-labelledby='toggle-toggle-id-1' role='region' class='toggle_wrap  av-title-above'  ><div class='toggle_content invers-color '  itemprop=\"text\" ><p>xcxcxxc<\/p>\n<\/div><\/div><\/div><\/section>\n<section class='av_toggle_section av-1mvjzf-035bc48c8bb3c553fbe6e6744b9ceb72'  itemscope=\"itemscope\" itemtype=\"https:\/\/schema.org\/BlogPosting\" itemprop=\"blogPost\" ><div role=\"tablist\" class=\"single_toggle\" data-tags=\"{Alle} \"  ><p id='toggle-toggle-id-2' data-fake-id='#toggle-id-2' class='toggler  av-title-above '  itemprop=\"headline\"  role='tab' tabindex='0' aria-controls='toggle-id-2' data-slide-speed=\"200\" data-title=\"Singlewanderungen\" data-title-open=\"\" data-aria_collapsed=\"Click to expand: Singlewanderungen\" data-aria_expanded=\"Click to collapse: Singlewanderungen\">Singlewanderungen<span class=\"toggle_icon\"><span class=\"vert_icon\"><\/span><span class=\"hor_icon\"><\/span><\/span><\/p><div id='toggle-id-2' aria-labelledby='toggle-toggle-id-2' role='region' class='toggle_wrap  av-title-above'  ><div class='toggle_content invers-color '  itemprop=\"text\" ><p>xcxcxxc<\/p>\n<\/div><\/div><\/div><\/section>\n<section class='av_toggle_section av-1g4e4j-179448ec11153b0b05369fcff30ff94e'  itemscope=\"itemscope\" itemtype=\"https:\/\/schema.org\/BlogPosting\" itemprop=\"blogPost\" ><div role=\"tablist\" class=\"single_toggle\" data-tags=\"{Alle} \"  ><p id='toggle-toggle-id-3' data-fake-id='#toggle-id-3' class='toggler  av-title-above '  itemprop=\"headline\"  role='tab' tabindex='0' aria-controls='toggle-id-3' data-slide-speed=\"200\" data-title=\"Sportliche Wanderungen\" data-title-open=\"\" data-aria_collapsed=\"Click to expand: Sportliche Wanderungen\" data-aria_expanded=\"Click to collapse: Sportliche Wanderungen\">Sportliche Wanderungen<span class=\"toggle_icon\"><span class=\"vert_icon\"><\/span><span class=\"hor_icon\"><\/span><\/span><\/p><div id='toggle-id-3' aria-labelledby='toggle-toggle-id-3' role='region' class='toggle_wrap  av-title-above'  ><div class='toggle_content invers-color '  itemprop=\"text\" ><p>ffgffgfg<\/p>\n<\/div><\/div><\/div><\/section>\n<section class='av_toggle_section av-17d64r-ca876720d065c05305be0b590f0b20cf'  itemscope=\"itemscope\" itemtype=\"https:\/\/schema.org\/BlogPosting\" itemprop=\"blogPost\" ><div role=\"tablist\" class=\"single_toggle\" data-tags=\"{Alle} \"  ><p id='toggle-toggle-id-4' data-fake-id='#toggle-id-4' class='toggler  av-title-above '  itemprop=\"headline\"  role='tab' tabindex='0' aria-controls='toggle-id-4' data-slide-speed=\"200\" data-title=\"Genuss- und Kulturwanderungen\" data-title-open=\"\" data-aria_collapsed=\"Click to expand: Genuss- und Kulturwanderungen\" data-aria_expanded=\"Click to collapse: Genuss- und Kulturwanderungen\">Genuss- und Kulturwanderungen<span class=\"toggle_icon\"><span class=\"vert_icon\"><\/span><span class=\"hor_icon\"><\/span><\/span><\/p><div id='toggle-id-4' aria-labelledby='toggle-toggle-id-4' role='region' class='toggle_wrap  av-title-above'  ><div class='toggle_content invers-color '  itemprop=\"text\" ><p>xcxcxxc<\/p>\n<\/div><\/div><\/div><\/section>\n<section class='av_toggle_section av-14uhgz-6757208fb1eb0abc2beadee08f221141'  itemscope=\"itemscope\" itemtype=\"https:\/\/schema.org\/BlogPosting\" itemprop=\"blogPost\" ><div role=\"tablist\" class=\"single_toggle\" data-tags=\"{Alle} \"  ><p id='toggle-toggle-id-5' data-fake-id='#toggle-id-5' class='toggler  av-title-above '  itemprop=\"headline\"  role='tab' tabindex='0' aria-controls='toggle-id-5' data-slide-speed=\"200\" data-title=\"Wandern mit Hund\" data-title-open=\"\" data-aria_collapsed=\"Click to expand: Wandern mit Hund\" data-aria_expanded=\"Click to collapse: Wandern mit Hund\">Wandern mit Hund<span class=\"toggle_icon\"><span class=\"vert_icon\"><\/span><span class=\"hor_icon\"><\/span><\/span><\/p><div id='toggle-id-5' aria-labelledby='toggle-toggle-id-5' role='region' class='toggle_wrap  av-title-above'  ><div class='toggle_content invers-color '  itemprop=\"text\" ><p>xcxcxxc<\/p>\n<\/div><\/div><\/div><\/section>\n<section class='av_toggle_section av-vn937-32b9725a16f7d7afafaadca2c290361c'  itemscope=\"itemscope\" itemtype=\"https:\/\/schema.org\/BlogPosting\" itemprop=\"blogPost\" ><div role=\"tablist\" class=\"single_toggle\" data-tags=\"{Alle} \"  ><p id='toggle-toggle-id-6' data-fake-id='#toggle-id-6' class='toggler  av-title-above '  itemprop=\"headline\"  role='tab' tabindex='0' aria-controls='toggle-id-6' data-slide-speed=\"200\" data-title=\"Wanderserien und Events\" data-title-open=\"\" data-aria_collapsed=\"Click to expand: Wanderserien und Events\" data-aria_expanded=\"Click to collapse: Wanderserien und Events\">Wanderserien und Events<span class=\"toggle_icon\"><span class=\"vert_icon\"><\/span><span class=\"hor_icon\"><\/span><\/span><\/p><div id='toggle-id-6' aria-labelledby='toggle-toggle-id-6' role='region' class='toggle_wrap  av-title-above'  ><div class='toggle_content invers-color '  itemprop=\"text\" ><p>xcxcxxc<\/p>\n<\/div><\/div><\/div><\/section>\n<section class='av_toggle_section av-qkx1n-589f237cca706f2b61d9fc20663c68c8'  itemscope=\"itemscope\" itemtype=\"https:\/\/schema.org\/BlogPosting\" itemprop=\"blogPost\" ><div role=\"tablist\" class=\"single_toggle\" data-tags=\"{Alle} \"  ><p id='toggle-toggle-id-7' data-fake-id='#toggle-id-7' class='toggler  av-title-above '  itemprop=\"headline\"  role='tab' tabindex='0' aria-controls='toggle-id-7' data-slide-speed=\"200\" data-title=\"Schulwandern\" data-title-open=\"\" data-aria_collapsed=\"Click to expand: Schulwandern\" data-aria_expanded=\"Click to collapse: Schulwandern\">Schulwandern<span class=\"toggle_icon\"><span class=\"vert_icon\"><\/span><span class=\"hor_icon\"><\/span><\/span><\/p><div id='toggle-id-7' aria-labelledby='toggle-toggle-id-7' role='region' class='toggle_wrap  av-title-above'  ><div class='toggle_content invers-color '  itemprop=\"text\" ><p>xcxcxxc<\/p>\n<\/div><\/div><\/div><\/section>\n<section class='av_toggle_section av-mpnxf-a353bc5f75517f14fb29aa1e46bb69af'  itemscope=\"itemscope\" itemtype=\"https:\/\/schema.org\/BlogPosting\" itemprop=\"blogPost\" ><div role=\"tablist\" class=\"single_toggle\" data-tags=\"{Alle} \"  ><p id='toggle-toggle-id-8' data-fake-id='#toggle-id-8' class='toggler  av-title-above '  itemprop=\"headline\"  role='tab' tabindex='0' aria-controls='toggle-id-8' data-slide-speed=\"200\" data-title=\"Familienwanderungen\" data-title-open=\"\" data-aria_collapsed=\"Click to expand: Familienwanderungen\" data-aria_expanded=\"Click to collapse: Familienwanderungen\">Familienwanderungen<span class=\"toggle_icon\"><span class=\"vert_icon\"><\/span><span class=\"hor_icon\"><\/span><\/span><\/p><div id='toggle-id-8' aria-labelledby='toggle-toggle-id-8' role='region' class='toggle_wrap  av-title-above'  ><div class='toggle_content invers-color '  itemprop=\"text\" ><p>xcxcxxc<\/p>\n<\/div><\/div><\/div><\/section>\n<section class='av_toggle_section av-fj077-ba410884044c900d158561fa0cea277e'  itemscope=\"itemscope\" itemtype=\"https:\/\/schema.org\/BlogPosting\" itemprop=\"blogPost\" ><div role=\"tablist\" class=\"single_toggle\" data-tags=\"{Alle} \"  ><p id='toggle-toggle-id-9' data-fake-id='#toggle-id-9' class='toggler  av-title-above '  itemprop=\"headline\"  role='tab' tabindex='0' aria-controls='toggle-id-9' data-slide-speed=\"200\" data-title=\"Barfu\u00dfwandern und Waldbaden\" data-title-open=\"\" data-aria_collapsed=\"Click to expand: Barfu\u00dfwandern und Waldbaden\" data-aria_expanded=\"Click to collapse: Barfu\u00dfwandern und Waldbaden\">Barfu\u00dfwandern und Waldbaden<span class=\"toggle_icon\"><span class=\"vert_icon\"><\/span><span class=\"hor_icon\"><\/span><\/span><\/p><div id='toggle-id-9' aria-labelledby='toggle-toggle-id-9' role='region' class='toggle_wrap  av-title-above'  ><div class='toggle_content invers-color '  itemprop=\"text\" ><p>xcxcxxc<\/p>\n<\/div><\/div><\/div><\/section>\n<section class='av_toggle_section av-9jihf-5546b5c832c5e39c1b73c782c79ad294'  itemscope=\"itemscope\" itemtype=\"https:\/\/schema.org\/BlogPosting\" itemprop=\"blogPost\" ><div role=\"tablist\" class=\"single_toggle\" data-tags=\"{Alle} \"  ><p id='toggle-toggle-id-10' data-fake-id='#toggle-id-10' class='toggler  av-title-above '  itemprop=\"headline\"  role='tab' tabindex='0' aria-controls='toggle-id-10' data-slide-speed=\"200\" data-title=\"Radwanderungen\" data-title-open=\"\" data-aria_collapsed=\"Click to expand: Radwanderungen\" data-aria_expanded=\"Click to collapse: Radwanderungen\">Radwanderungen<span class=\"toggle_icon\"><span class=\"vert_icon\"><\/span><span class=\"hor_icon\"><\/span><\/span><\/p><div id='toggle-id-10' aria-labelledby='toggle-toggle-id-10' role='region' class='toggle_wrap  av-title-above'  ><div class='toggle_content invers-color '  itemprop=\"text\" ><p>xcxcxxc<\/p>\n<\/div><\/div><\/div><\/section>\n<\/div><\/p>\n<\/div><\/div>\n<\/div>\n","protected":false},"excerpt":{"rendered":"","protected":false},"author":4,"featured_media":774,"comment_status":"open","ping_status":"open","sticky":false,"template":"","format":"standard","meta":{"footnotes":""},"categories":[1],"tags":[],"class_list":["post-963","post","type-post","status-publish","format-standard","has-post-thumbnail","hentry","category-allgemein"],"_links":{"self":[{"href":"https:\/\/wanderverband-hessen.de\/hwghv\/wp-json\/wp\/v2\/posts\/963","targetHints":{"allow":["GET"]}}],"collection":[{"href":"https:\/\/wanderverband-hessen.de\/hwghv\/wp-json\/wp\/v2\/posts"}],"about":[{"href":"https:\/\/wanderverband-hessen.de\/hwghv\/wp-json\/wp\/v2\/types\/post"}],"author":[{"embeddable":true,"href":"https:\/\/wanderverband-hessen.de\/hwghv\/wp-json\/wp\/v2\/users\/4"}],"replies":[{"embeddable":true,"href":"https:\/\/wanderverband-hessen.de\/hwghv\/wp-json\/wp\/v2\/comments?post=963"}],"version-history":[{"count":2,"href":"https:\/\/wanderverband-hessen.de\/hwghv\/wp-json\/wp\/v2\/posts\/963\/revisions"}],"predecessor-version":[{"id":965,"href":"https:\/\/wanderverband-hessen.de\/hwghv\/wp-json\/wp\/v2\/posts\/963\/revisions\/965"}],"wp:featuredmedia":[{"embeddable":true,"href":"https:\/\/wanderverband-hessen.de\/hwghv\/wp-json\/wp\/v2\/media\/774"}],"wp:attachment":[{"href":"https:\/\/wanderverband-hessen.de\/hwghv\/wp-json\/wp\/v2\/media?parent=963"}],"wp:term":[{"taxonomy":"category","embeddable":true,"href":"https:\/\/wanderverband-hessen.de\/hwghv\/wp-json\/wp\/v2\/categories?post=963"},{"taxonomy":"post_tag","embeddable":true,"href":"https:\/\/wanderverband-hessen.de\/hwghv\/wp-json\/wp\/v2\/tags?post=963"}],"curies":[{"name":"wp","href":"https:\/\/api.w.org\/{rel}","templated":true}]}}